{"id":15570,"date":"2024-06-06T11:25:00","date_gmt":"2024-06-06T09:25:00","guid":{"rendered":"https:\/\/www.bunker-swiss.com\/?p=15570"},"modified":"2025-10-13T11:02:03","modified_gmt":"2025-10-13T09:02:03","slug":"come-macron-partecipa-alla-terza-guerra-mondiale","status":"publish","type":"post","link":"https:\/\/www.bunker-swiss.ch\/it\/guerre\/comment-macron-participe-dans-la-troisieme-guerre-mondiale\/","title":{"rendered":"In che modo Macron sta partecipando all\u2019escalation di una terza guerra mondiale?"},"content":{"rendered":"<figure class=\"wp-block-embed aligncenter is-type-video is-provider-youtube wp-block-embed-youtube wp-embed-aspect-16-9 wp-has-aspect-ratio\"><div class=\"wp-block-embed__wrapper\">\n<iframe title=\"Macron leader dell\u2019escalation in Ucraina? | Idriss Aberkane riceve R\u00e9gis Le Sommier\" width=\"800\" height=\"450\" src=\"https:\/\/www.youtube.com\/embed\/L9w2X4oRJts?feature=oembed\" frameborder=\"0\" allow=\"accelerometer; autoplay; clipboard-write; encrypted-media; gyroscope; picture-in-picture; web-share\" referrerpolicy=\"strict-origin-when-cross-origin\" allowfullscreen><\/iframe>\n<\/div><figcaption class=\"wp-element-caption\">Fonte : <a href=\"https:\/\/www.youtube.com\/@IdrissJAberkane\" target=\"_blank\" rel=\"noreferrer noopener\">Idriss J. Aberkane \u2013 YouTube<\/a>. Interlocutori: <a href=\"https:\/\/fr.wikipedia.org\/wiki\/Idriss_Aberkane\" target=\"_blank\" rel=\"noreferrer noopener\">Idriss Aberkan<\/a> E <a href=\"https:\/\/fr.wikipedia.org\/wiki\/R%C3%A9gis_Le_Sommier\" target=\"_blank\" rel=\"noreferrer noopener\">R\u00e9gis Le Sommier<\/a><\/figcaption><\/figure>\n\n\n\n<h2 class=\"wp-block-heading\">Macron partecipa alla terza guerra mondiale<\/h2>\n\n\n\n<p>Con l&#039;avvicinarsi delle commemorazioni dell&#039;Operazione Overlord sulle spiagge della Normandia, il presidente francese Emmanuel Macron si prepara a ricevere il presidente ucraino Volodymyr Zelenskyj come ospite speciale. Questo incontro \u00e8 visto come una dimostrazione della leadership di Macron nel conflitto ucraino. Tuttavia, questa mossa coraggiosa solleva preoccupazioni. Sembra infatti che Macron stia partecipando attivamente a manovre che potrebbero precipitare <a href=\"https:\/\/www.bunker-swiss.ch\/it\/bunkers\/i-rischi-di-un-conflitto-mondiale-opta-per-un-bunker-in-svizzera\/\">una terza guerra mondiale<\/a>.<\/p>\n\n\n\n<h2 class=\"wp-block-heading\">Divergenze transatlantiche<\/h2>\n\n\n\n<p>Mentre Macron tenta di guidare l\u2019escalation in Ucraina, sta diventando chiaro che la Casa Bianca non \u00e8 pi\u00f9 sulla stessa lunghezza d\u2019onda. Sotto la presidenza Biden, gli Stati Uniti stanno ora adottando un approccio pi\u00f9 misurato. Sono meno propensi a seguire i passi avventurosi che Macron sembra favorire. Questa divergenza crea un divario nelle alleanze tradizionali, complicando ulteriormente la scena internazionale.<\/p>\n\n\n\n<h2 class=\"wp-block-heading\">Le reazioni e le minacce della Russia<\/h2>\n\n\n\n<p>Allo stesso tempo, la reazione della Russia alle azioni di Macron segnala un\u2019escalation potenzialmente pericolosa. La Federazione Russa ha chiarito che abbatter\u00e0 qualsiasi drone in arrivo<a href=\"https:\/\/www.nato.int\/nato-welcome\/index_fr.html\" target=\"_blank\" rel=\"noreferrer noopener\">NATO<\/a> rilevato nel Mar Nero. L\u2019annuncio segna un passo significativo nella dimostrazione di forza della Russia, rafforzando il ruolo che Macron sta svolgendo nell\u2019escalation verso una terza guerra mondiale.<\/p>\n\n\n\n<p>Inoltre, i commenti provocatori di un analista russo in onda non fanno altro che gettare benzina sul fuoco. La minaccia di distruggere completamente la Polonia con una sola salva di missili Iskandar sottolinea la crescente tensione. Questi commenti, anche se forse iperbolici, riflettono un livello di ostilit\u00e0 che non pu\u00f2 essere ignorato.<\/p>\n\n\n\n<h2 class=\"wp-block-heading\">Gli avvertimenti di Putin<\/h2>\n\n\n\n<p>Vladimir Putin, sempre incisivo, ha ricordato ai paesi europei la loro vulnerabilit\u00e0. Ha sottolineato la densit\u00e0 di popolazione e la vicinanza ai centri urbani in Europa. Ha avvertito delle conseguenze devastanti dell\u2019escalation. Non \u00e8 improbabile uno scenario in cui Macron partecipa, suo malgrado, al dilagare della Terza Guerra Mondiale. Questi avvertimenti devono essere presi sul serio, soprattutto considerando il potenziale distruttivo delle armi moderne. Un conflitto potrebbe rapidamente travolgere il continente. Non si tratta di fuochi d&#039;artificio, ma di evitare che l&#039;Europa diventi un enorme spettacolo pirotecnico... senza la festa.<\/p>\n\n\n\n<h2 class=\"wp-block-heading\">L&#039;analisi di R\u00e9gis Le Sommier<\/h2>\n\n\n\n<p>R\u00e9gis Le Sommier, cofondatore dei media Omert\u00e0 ed esperto delle dinamiche in atto in Ucraina, fornisce una prospettiva informata su questi sviluppi. Secondo Le Sommier la strategia di Macron, per quanto ambiziosa, rischia di provocare una reazione a catena incontrollabile. La sua competenza evidenzia quanto sia fondamentale comprendere le implicazioni di ogni azione sulla scena internazionale, soprattutto quando potrebbero contribuire a innescarsi <a href=\"https:\/\/www.bunker-swiss.ch\/it\/bunkers\/i-rischi-di-un-conflitto-mondiale-opta-per-un-bunker-in-svizzera\/\">una terza guerra mondiale<\/a>.<\/p>\n\n\n\n<h2 class=\"wp-block-heading\">Conclusione: Macron su un terreno scivoloso<\/h2>\n\n\n\n<p>In breve, mentre Macron cerca di rafforzare la sua statura di leader mondiale di fronte all\u2019Ucraina, sta navigando in acque pericolose. Le azioni di Macron contribuiscono chiaramente al rischio di una terza guerra mondiale, una realt\u00e0 che n\u00e9 lui n\u00e9 i suoi alleati possono permettersi di ignorare. In questo contesto di crescenti tensioni internazionali, prudenza e strategia diventano le parole chiave. Il mondo osserva con attenzione, sperando che la saggezza prevalga sull\u2019audacia, evitando cos\u00ec l\u2019irreparabile.<\/p>","protected":false},"excerpt":{"rendered":"<p>Il presidente Emmanuel Macron potrebbe partecipare all\u2019escalation del conflitto in Ucraina. Secondo un eccellente video di analisi di Idriss Aberkan e R\u00e9gis Le Sommier, questi due esperti discutono delle conseguenze della politica estera francese sotto Macron. Evidenziano il ruolo potenzialmente interventista della Francia e spiegano come questo approccio potrebbe, in un contesto di tensioni internazionali, contribuire ad una catena di eventi che rischiano di portare a un conflitto globale pi\u00f9 ampio.<\/p>","protected":false},"author":2,"featured_media":15699,"comment_status":"closed","ping_status":"closed","sticky":false,"template":"","format":"video","meta":{"footnotes":""},"categories":[27],"tags":[],"class_list":["post-15570","post","type-post","status-publish","format-video","has-post-thumbnail","hentry","category-guerre","post_format-post-format-video"],"yoast_head":"<!-- This site is optimized with the Yoast SEO plugin v27.5 - https:\/\/yoast.com\/product\/yoast-seo-wordpress\/ -->\n<title>Comment Macron participe dans la troisi\u00e8me guerre mondiale<\/title>\n<meta name=\"description\" content=\"Comment Macron participe dans la troisi\u00e8me guerre mondiale selon cette brillante analyse en vid\u00e9o de Idriss Aberkan et R\u00e9gis Le Sommier.\" \/>\n<meta name=\"robots\" content=\"index, follow, max-snippet:-1, max-image-preview:large, max-video-preview:-1\" \/>\n<link rel=\"canonical\" href=\"https:\/\/www.bunker-swiss.ch\/it\/guerra\/come-macron-partecipa-alla-terza-guerra-mondiale\/\" \/>\n<meta property=\"og:locale\" content=\"it_IT\" \/>\n<meta property=\"og:type\" content=\"article\" \/>\n<meta property=\"og:title\" content=\"Comment Macron participe dans la troisi\u00e8me guerre mondiale\" \/>\n<meta property=\"og:description\" content=\"Comment Macron participe dans la troisi\u00e8me guerre mondiale selon cette brillante analyse en vid\u00e9o de Idriss Aberkan et R\u00e9gis Le Sommier.\" \/>\n<meta property=\"og:url\" content=\"https:\/\/www.bunker-swiss.ch\/it\/guerra\/come-macron-partecipa-alla-terza-guerra-mondiale\/\" \/>\n<meta property=\"og:site_name\" content=\"Bunker Swiss S\u00e0rl\" \/>\n<meta property=\"article:published_time\" content=\"2024-06-06T09:25:00+00:00\" \/>\n<meta property=\"article:modified_time\" content=\"2025-10-13T09:02:03+00:00\" \/>\n<meta property=\"og:image\" content=\"https:\/\/www.bunker-swiss.ch\/wp-content\/uploads\/2024\/06\/Article_Macron-et-la-troisieme-guerre-mondiale_IMA.webp\" \/>\n\t<meta property=\"og:image:width\" content=\"1200\" \/>\n\t<meta property=\"og:image:height\" content=\"630\" \/>\n\t<meta property=\"og:image:type\" content=\"image\/webp\" \/>\n<meta name=\"author\" content=\"Bunker\" \/>\n<meta name=\"twitter:card\" content=\"summary_large_image\" \/>\n<meta name=\"twitter:label1\" content=\"Scritto da\" \/>\n\t<meta name=\"twitter:data1\" content=\"Bunker\" \/>\n\t<meta name=\"twitter:label2\" content=\"Tempo di lettura stimato\" \/>\n\t<meta name=\"twitter:data2\" content=\"3 minuti\" \/>\n<script type=\"application\/ld+json\" class=\"yoast-schema-graph\">{\"@context\":\"https:\\\/\\\/schema.org\",\"@graph\":[{\"@type\":\"Article\",\"@id\":\"https:\\\/\\\/www.bunker-swiss.ch\\\/guerre\\\/comment-macron-participe-dans-la-troisieme-guerre-mondiale\\\/#article\",\"isPartOf\":{\"@id\":\"https:\\\/\\\/www.bunker-swiss.ch\\\/guerre\\\/comment-macron-participe-dans-la-troisieme-guerre-mondiale\\\/\"},\"author\":{\"name\":\"Bunker\",\"@id\":\"https:\\\/\\\/www.bunker-swiss.ch\\\/#\\\/schema\\\/person\\\/28165044219db42430770d6b2336746a\"},\"headline\":\"De quelle mani\u00e8re Macron participe-il dans l&rsquo;escalade d&rsquo;une troisi\u00e8me guerre mondiale ?\",\"datePublished\":\"2024-06-06T09:25:00+00:00\",\"dateModified\":\"2025-10-13T09:02:03+00:00\",\"mainEntityOfPage\":{\"@id\":\"https:\\\/\\\/www.bunker-swiss.ch\\\/guerre\\\/comment-macron-participe-dans-la-troisieme-guerre-mondiale\\\/\"},\"wordCount\":649,\"publisher\":{\"@id\":\"https:\\\/\\\/www.bunker-swiss.ch\\\/#organization\"},\"image\":{\"@id\":\"https:\\\/\\\/www.bunker-swiss.ch\\\/guerre\\\/comment-macron-participe-dans-la-troisieme-guerre-mondiale\\\/#primaryimage\"},\"thumbnailUrl\":\"https:\\\/\\\/www.bunker-swiss.ch\\\/wp-content\\\/uploads\\\/2024\\\/06\\\/Article_Macron-et-la-troisieme-guerre-mondiale_IMA.webp\",\"articleSection\":[\"Guerre\"],\"inLanguage\":\"it-IT\"},{\"@type\":\"WebPage\",\"@id\":\"https:\\\/\\\/www.bunker-swiss.ch\\\/guerre\\\/comment-macron-participe-dans-la-troisieme-guerre-mondiale\\\/\",\"url\":\"https:\\\/\\\/www.bunker-swiss.ch\\\/guerre\\\/comment-macron-participe-dans-la-troisieme-guerre-mondiale\\\/\",\"name\":\"Comment Macron participe dans la troisi\u00e8me guerre mondiale\",\"isPartOf\":{\"@id\":\"https:\\\/\\\/www.bunker-swiss.ch\\\/#website\"},\"primaryImageOfPage\":{\"@id\":\"https:\\\/\\\/www.bunker-swiss.ch\\\/guerre\\\/comment-macron-participe-dans-la-troisieme-guerre-mondiale\\\/#primaryimage\"},\"image\":{\"@id\":\"https:\\\/\\\/www.bunker-swiss.ch\\\/guerre\\\/comment-macron-participe-dans-la-troisieme-guerre-mondiale\\\/#primaryimage\"},\"thumbnailUrl\":\"https:\\\/\\\/www.bunker-swiss.ch\\\/wp-content\\\/uploads\\\/2024\\\/06\\\/Article_Macron-et-la-troisieme-guerre-mondiale_IMA.webp\",\"datePublished\":\"2024-06-06T09:25:00+00:00\",\"dateModified\":\"2025-10-13T09:02:03+00:00\",\"description\":\"Comment Macron participe dans la troisi\u00e8me guerre mondiale selon cette brillante analyse en vid\u00e9o de Idriss Aberkan et R\u00e9gis Le Sommier.\",\"breadcrumb\":{\"@id\":\"https:\\\/\\\/www.bunker-swiss.ch\\\/guerre\\\/comment-macron-participe-dans-la-troisieme-guerre-mondiale\\\/#breadcrumb\"},\"inLanguage\":\"it-IT\",\"potentialAction\":[{\"@type\":\"ReadAction\",\"target\":[\"https:\\\/\\\/www.bunker-swiss.ch\\\/guerre\\\/comment-macron-participe-dans-la-troisieme-guerre-mondiale\\\/\"]}]},{\"@type\":\"ImageObject\",\"inLanguage\":\"it-IT\",\"@id\":\"https:\\\/\\\/www.bunker-swiss.ch\\\/guerre\\\/comment-macron-participe-dans-la-troisieme-guerre-mondiale\\\/#primaryimage\",\"url\":\"https:\\\/\\\/www.bunker-swiss.ch\\\/wp-content\\\/uploads\\\/2024\\\/06\\\/Article_Macron-et-la-troisieme-guerre-mondiale_IMA.webp\",\"contentUrl\":\"https:\\\/\\\/www.bunker-swiss.ch\\\/wp-content\\\/uploads\\\/2024\\\/06\\\/Article_Macron-et-la-troisieme-guerre-mondiale_IMA.webp\",\"width\":1200,\"height\":630,\"caption\":\"macron et la troisi\u00e8me guerre mondiale\"},{\"@type\":\"BreadcrumbList\",\"@id\":\"https:\\\/\\\/www.bunker-swiss.ch\\\/guerre\\\/comment-macron-participe-dans-la-troisieme-guerre-mondiale\\\/#breadcrumb\",\"itemListElement\":[{\"@type\":\"ListItem\",\"position\":1,\"name\":\"Accueil\",\"item\":\"https:\\\/\\\/www.bunker-swiss.ch\\\/\"},{\"@type\":\"ListItem\",\"position\":2,\"name\":\"De quelle mani\u00e8re Macron participe-il dans l&rsquo;escalade d&rsquo;une troisi\u00e8me guerre mondiale ?\"}]},{\"@type\":\"WebSite\",\"@id\":\"https:\\\/\\\/www.bunker-swiss.ch\\\/#website\",\"url\":\"https:\\\/\\\/www.bunker-swiss.ch\\\/\",\"name\":\"Bunker Swiss S\u00e0rl\",\"description\":\"Bunker\",\"publisher\":{\"@id\":\"https:\\\/\\\/www.bunker-swiss.ch\\\/#organization\"},\"alternateName\":\"Bunker Swiss\",\"potentialAction\":[{\"@type\":\"SearchAction\",\"target\":{\"@type\":\"EntryPoint\",\"urlTemplate\":\"https:\\\/\\\/www.bunker-swiss.ch\\\/?s={search_term_string}\"},\"query-input\":{\"@type\":\"PropertyValueSpecification\",\"valueRequired\":true,\"valueName\":\"search_term_string\"}}],\"inLanguage\":\"it-IT\"},{\"@type\":\"Organization\",\"@id\":\"https:\\\/\\\/www.bunker-swiss.ch\\\/#organization\",\"name\":\"Bunker Swiss S\u00e0rl\",\"alternateName\":\"Bunker Swiss\",\"url\":\"https:\\\/\\\/www.bunker-swiss.ch\\\/\",\"logo\":{\"@type\":\"ImageObject\",\"inLanguage\":\"it-IT\",\"@id\":\"https:\\\/\\\/www.bunker-swiss.ch\\\/#\\\/schema\\\/logo\\\/image\\\/\",\"url\":\"https:\\\/\\\/www.bunker-swiss.ch\\\/wp-content\\\/uploads\\\/2024\\\/07\\\/Bunker-1.webp\",\"contentUrl\":\"https:\\\/\\\/www.bunker-swiss.ch\\\/wp-content\\\/uploads\\\/2024\\\/07\\\/Bunker-1.webp\",\"width\":350,\"height\":91,\"caption\":\"Bunker Swiss S\u00e0rl\"},\"image\":{\"@id\":\"https:\\\/\\\/www.bunker-swiss.ch\\\/#\\\/schema\\\/logo\\\/image\\\/\"}},{\"@type\":\"Person\",\"@id\":\"https:\\\/\\\/www.bunker-swiss.ch\\\/#\\\/schema\\\/person\\\/28165044219db42430770d6b2336746a\",\"name\":\"Bunker\",\"image\":{\"@type\":\"ImageObject\",\"inLanguage\":\"it-IT\",\"@id\":\"https:\\\/\\\/secure.gravatar.com\\\/avatar\\\/df0ee6cb1fb1e55325af07c681f5edf89ae5571fa12716222f0300643a6b6488?s=96&d=mm&r=g\",\"url\":\"https:\\\/\\\/secure.gravatar.com\\\/avatar\\\/df0ee6cb1fb1e55325af07c681f5edf89ae5571fa12716222f0300643a6b6488?s=96&d=mm&r=g\",\"contentUrl\":\"https:\\\/\\\/secure.gravatar.com\\\/avatar\\\/df0ee6cb1fb1e55325af07c681f5edf89ae5571fa12716222f0300643a6b6488?s=96&d=mm&r=g\",\"caption\":\"Bunker\"},\"url\":\"https:\\\/\\\/www.bunker-swiss.ch\\\/it\\\/author\\\/bunker\\\/\"}]}<\/script>\n<!-- \/ Yoast SEO plugin. -->","yoast_head_json":{"title":"Come Macron partecipa alla Terza Guerra Mondiale","description":"Come Macron ha partecipato alla Terza Guerra Mondiale secondo questa brillante analisi video di Idriss Aberkan e R\u00e9gis Le Sommier.","robots":{"index":"index","follow":"follow","max-snippet":"max-snippet:-1","max-image-preview":"max-image-preview:large","max-video-preview":"max-video-preview:-1"},"canonical":"https:\/\/www.bunker-swiss.ch\/it\/guerra\/come-macron-partecipa-alla-terza-guerra-mondiale\/","og_locale":"it_IT","og_type":"article","og_title":"Comment Macron participe dans la troisi\u00e8me guerre mondiale","og_description":"Comment Macron participe dans la troisi\u00e8me guerre mondiale selon cette brillante analyse en vid\u00e9o de Idriss Aberkan et R\u00e9gis Le Sommier.","og_url":"https:\/\/www.bunker-swiss.ch\/it\/guerra\/come-macron-partecipa-alla-terza-guerra-mondiale\/","og_site_name":"Bunker Swiss S\u00e0rl","article_published_time":"2024-06-06T09:25:00+00:00","article_modified_time":"2025-10-13T09:02:03+00:00","og_image":[{"width":1200,"height":630,"url":"https:\/\/www.bunker-swiss.ch\/wp-content\/uploads\/2024\/06\/Article_Macron-et-la-troisieme-guerre-mondiale_IMA.webp","type":"image\/webp"}],"author":"Bunker","twitter_card":"summary_large_image","twitter_misc":{"Scritto da":"Bunker","Tempo di lettura stimato":"3 minuti"},"schema":{"@context":"https:\/\/schema.org","@graph":[{"@type":"Article","@id":"https:\/\/www.bunker-swiss.ch\/guerre\/comment-macron-participe-dans-la-troisieme-guerre-mondiale\/#article","isPartOf":{"@id":"https:\/\/www.bunker-swiss.ch\/guerre\/comment-macron-participe-dans-la-troisieme-guerre-mondiale\/"},"author":{"name":"Bunker","@id":"https:\/\/www.bunker-swiss.ch\/#\/schema\/person\/28165044219db42430770d6b2336746a"},"headline":"De quelle mani\u00e8re Macron participe-il dans l&rsquo;escalade d&rsquo;une troisi\u00e8me guerre mondiale ?","datePublished":"2024-06-06T09:25:00+00:00","dateModified":"2025-10-13T09:02:03+00:00","mainEntityOfPage":{"@id":"https:\/\/www.bunker-swiss.ch\/guerre\/comment-macron-participe-dans-la-troisieme-guerre-mondiale\/"},"wordCount":649,"publisher":{"@id":"https:\/\/www.bunker-swiss.ch\/#organization"},"image":{"@id":"https:\/\/www.bunker-swiss.ch\/guerre\/comment-macron-participe-dans-la-troisieme-guerre-mondiale\/#primaryimage"},"thumbnailUrl":"https:\/\/www.bunker-swiss.ch\/wp-content\/uploads\/2024\/06\/Article_Macron-et-la-troisieme-guerre-mondiale_IMA.webp","articleSection":["Guerre"],"inLanguage":"it-IT"},{"@type":"WebPage","@id":"https:\/\/www.bunker-swiss.ch\/guerre\/comment-macron-participe-dans-la-troisieme-guerre-mondiale\/","url":"https:\/\/www.bunker-swiss.ch\/guerre\/comment-macron-participe-dans-la-troisieme-guerre-mondiale\/","name":"Come Macron partecipa alla Terza Guerra Mondiale","isPartOf":{"@id":"https:\/\/www.bunker-swiss.ch\/#website"},"primaryImageOfPage":{"@id":"https:\/\/www.bunker-swiss.ch\/guerre\/comment-macron-participe-dans-la-troisieme-guerre-mondiale\/#primaryimage"},"image":{"@id":"https:\/\/www.bunker-swiss.ch\/guerre\/comment-macron-participe-dans-la-troisieme-guerre-mondiale\/#primaryimage"},"thumbnailUrl":"https:\/\/www.bunker-swiss.ch\/wp-content\/uploads\/2024\/06\/Article_Macron-et-la-troisieme-guerre-mondiale_IMA.webp","datePublished":"2024-06-06T09:25:00+00:00","dateModified":"2025-10-13T09:02:03+00:00","description":"Come Macron ha partecipato alla Terza Guerra Mondiale secondo questa brillante analisi video di Idriss Aberkan e R\u00e9gis Le Sommier.","breadcrumb":{"@id":"https:\/\/www.bunker-swiss.ch\/guerre\/comment-macron-participe-dans-la-troisieme-guerre-mondiale\/#breadcrumb"},"inLanguage":"it-IT","potentialAction":[{"@type":"ReadAction","target":["https:\/\/www.bunker-swiss.ch\/guerre\/comment-macron-participe-dans-la-troisieme-guerre-mondiale\/"]}]},{"@type":"ImageObject","inLanguage":"it-IT","@id":"https:\/\/www.bunker-swiss.ch\/guerre\/comment-macron-participe-dans-la-troisieme-guerre-mondiale\/#primaryimage","url":"https:\/\/www.bunker-swiss.ch\/wp-content\/uploads\/2024\/06\/Article_Macron-et-la-troisieme-guerre-mondiale_IMA.webp","contentUrl":"https:\/\/www.bunker-swiss.ch\/wp-content\/uploads\/2024\/06\/Article_Macron-et-la-troisieme-guerre-mondiale_IMA.webp","width":1200,"height":630,"caption":"macron et la troisi\u00e8me guerre mondiale"},{"@type":"BreadcrumbList","@id":"https:\/\/www.bunker-swiss.ch\/guerre\/comment-macron-participe-dans-la-troisieme-guerre-mondiale\/#breadcrumb","itemListElement":[{"@type":"ListItem","position":1,"name":"Accueil","item":"https:\/\/www.bunker-swiss.ch\/"},{"@type":"ListItem","position":2,"name":"De quelle mani\u00e8re Macron participe-il dans l&rsquo;escalade d&rsquo;une troisi\u00e8me guerre mondiale ?"}]},{"@type":"WebSite","@id":"https:\/\/www.bunker-swiss.ch\/#website","url":"https:\/\/www.bunker-swiss.ch\/","name":"Bunker Swiss Sarl","description":"Bunker","publisher":{"@id":"https:\/\/www.bunker-swiss.ch\/#organization"},"alternateName":"Bunker Swiss","potentialAction":[{"@type":"SearchAction","target":{"@type":"EntryPoint","urlTemplate":"https:\/\/www.bunker-swiss.ch\/?s={search_term_string}"},"query-input":{"@type":"PropertyValueSpecification","valueRequired":true,"valueName":"search_term_string"}}],"inLanguage":"it-IT"},{"@type":"Organization","@id":"https:\/\/www.bunker-swiss.ch\/#organization","name":"Bunker Swiss Sarl","alternateName":"Bunker Swiss","url":"https:\/\/www.bunker-swiss.ch\/","logo":{"@type":"ImageObject","inLanguage":"it-IT","@id":"https:\/\/www.bunker-swiss.ch\/#\/schema\/logo\/image\/","url":"https:\/\/www.bunker-swiss.ch\/wp-content\/uploads\/2024\/07\/Bunker-1.webp","contentUrl":"https:\/\/www.bunker-swiss.ch\/wp-content\/uploads\/2024\/07\/Bunker-1.webp","width":350,"height":91,"caption":"Bunker Swiss S\u00e0rl"},"image":{"@id":"https:\/\/www.bunker-swiss.ch\/#\/schema\/logo\/image\/"}},{"@type":"Person","@id":"https:\/\/www.bunker-swiss.ch\/#\/schema\/person\/28165044219db42430770d6b2336746a","name":"Bunker","image":{"@type":"ImageObject","inLanguage":"it-IT","@id":"https:\/\/secure.gravatar.com\/avatar\/df0ee6cb1fb1e55325af07c681f5edf89ae5571fa12716222f0300643a6b6488?s=96&d=mm&r=g","url":"https:\/\/secure.gravatar.com\/avatar\/df0ee6cb1fb1e55325af07c681f5edf89ae5571fa12716222f0300643a6b6488?s=96&d=mm&r=g","contentUrl":"https:\/\/secure.gravatar.com\/avatar\/df0ee6cb1fb1e55325af07c681f5edf89ae5571fa12716222f0300643a6b6488?s=96&d=mm&r=g","caption":"Bunker"},"url":"https:\/\/www.bunker-swiss.ch\/it\/author\/bunker\/"}]}},"_links":{"self":[{"href":"https:\/\/www.bunker-swiss.ch\/it\/wp-json\/wp\/v2\/posts\/15570","targetHints":{"allow":["GET"]}}],"collection":[{"href":"https:\/\/www.bunker-swiss.ch\/it\/wp-json\/wp\/v2\/posts"}],"about":[{"href":"https:\/\/www.bunker-swiss.ch\/it\/wp-json\/wp\/v2\/types\/post"}],"author":[{"embeddable":true,"href":"https:\/\/www.bunker-swiss.ch\/it\/wp-json\/wp\/v2\/users\/2"}],"replies":[{"embeddable":true,"href":"https:\/\/www.bunker-swiss.ch\/it\/wp-json\/wp\/v2\/comments?post=15570"}],"version-history":[{"count":1,"href":"https:\/\/www.bunker-swiss.ch\/it\/wp-json\/wp\/v2\/posts\/15570\/revisions"}],"predecessor-version":[{"id":33703,"href":"https:\/\/www.bunker-swiss.ch\/it\/wp-json\/wp\/v2\/posts\/15570\/revisions\/33703"}],"wp:featuredmedia":[{"embeddable":true,"href":"https:\/\/www.bunker-swiss.ch\/it\/wp-json\/wp\/v2\/media\/15699"}],"wp:attachment":[{"href":"https:\/\/www.bunker-swiss.ch\/it\/wp-json\/wp\/v2\/media?parent=15570"}],"wp:term":[{"taxonomy":"category","embeddable":true,"href":"https:\/\/www.bunker-swiss.ch\/it\/wp-json\/wp\/v2\/categories?post=15570"},{"taxonomy":"post_tag","embeddable":true,"href":"https:\/\/www.bunker-swiss.ch\/it\/wp-json\/wp\/v2\/tags?post=15570"}],"curies":[{"name":"wp","href":"https:\/\/api.w.org\/{rel}","templated":true}]}}